{"id":430,"date":"2026-02-18T17:36:15","date_gmt":"2026-02-18T17:36:15","guid":{"rendered":"https:\/\/julie-isquierdo.com\/?p=430"},"modified":"2026-03-06T08:53:11","modified_gmt":"2026-03-06T08:53:11","slug":"septoplastie-ou-rhinoseptoplastie","status":"publish","type":"post","link":"https:\/\/julie-isquierdo.com\/index.php\/2026\/02\/18\/septoplastie-ou-rhinoseptoplastie\/","title":{"rendered":"SEPTOPLASTIE OU RHINOSEPTOPLASTIE"},"content":{"rendered":"\n<p>Lorsqu\u2019un patient consulte pour une g\u00eane respiratoire nasale ou une d\u00e9formation visible du nez, une question revient fr\u00e9quemment : faut-il r\u00e9aliser une septoplastie ou une rhinoseptoplastie ?<\/p>\n\n\n\n<p>Ces deux interventions chirurgicales concernent le nez, mais elles ne r\u00e9pondent pas aux m\u00eames objectifs. Il est essentiel d\u2019en comprendre les diff\u00e9rences afin de faire un choix \u00e9clair\u00e9, adapt\u00e9 \u00e0 votre situation et \u00e0 vos attentes. Sp\u00e9cialiste en chirurgie du nez \u00e0 Lille, je vous explique clairement les indications et les sp\u00e9cificit\u00e9s de chacune de ces interventions.<\/p>\n\n\n\n<h2 class=\"wp-block-heading\">La cloison nasale&nbsp;: un \u00e9l\u00e9ment cl\u00e9 de la respiration<\/h2>\n\n\n\n<p>La cloison nasale est la paroi situ\u00e9e \u00e0 l\u2019int\u00e9rieur du nez qui s\u00e9pare la fosse nasale droite de la fosse nasale gauche. Elle est constitu\u00e9e \u00e0 la fois de cartilage et d\u2019os. Id\u00e9alement, cette cloison est positionn\u00e9e au centre, permettant un passage harmonieux de l\u2019air des deux c\u00f4t\u00e9s. Cependant, dans de nombreux cas, elle est d\u00e9vi\u00e9e anormalement.<\/p>\n\n\n\n<p>Cette d\u00e9formation peut \u00eatre constitutionnelle, c\u2019est-\u00e0-dire qu\u2019elle appara\u00eet progressivement au cours de la croissance du visage. Le cartilage septal peut se d\u00e9velopper davantage que les structures osseuses du massif facial, ce qui entra\u00eene une d\u00e9formation ou un plissement \u00e0 l\u2019int\u00e9rieur des fosses nasales. Ou alors elle peut \u00eatre secondaire \u00e0 un traumatisme, un choc sur le nez (accident, chute, traumatisme sportif). La cloison s\u2019est fractur\u00e9 et d\u00e9plac\u00e9 suite au choc.<\/p>\n\n\n\n<p>Cette d\u00e9viation peut \u00eatre plus ou moins marqu\u00e9e, et ses cons\u00e9quences varient selon les cas.<\/p>\n\n\n\n<p data-wp-context---core-fit-text=\"core\/fit-text::{&quot;fontSize&quot;:&quot;&quot;}\" data-wp-init---core-fit-text=\"core\/fit-text::callbacks.init\" data-wp-interactive data-wp-style--font-size=\"core\/fit-text::context.fontSize\" class=\"has-fit-text\"><strong>Peut-on avoir une cloison d\u00e9vi\u00e9e avec un nez droit ?<\/strong><\/p>\n\n\n\n<p>Oui, et c\u2019est m\u00eame tr\u00e8s fr\u00e9quent. Une d\u00e9viation interne de la cloison nasale n\u2019entra\u00eene pas syst\u00e9matiquement une d\u00e9viation visible du nez. Il est tout \u00e0 fait possible d\u2019avoir un nez d\u2019apparence parfaitement droit \u00e0 l\u2019ext\u00e9rieur, tout en pr\u00e9sentant une obstruction interne significative. \u00c0 l\u2019inverse, lorsque le nez est visiblement d\u00e9vi\u00e9, cela signifie g\u00e9n\u00e9ralement que la d\u00e9formation concerne non seulement la cloison, mais aussi l\u2019ensemble de la structure ost\u00e9o-cartilagineuse du nez.<\/p>\n\n\n\n<p data-wp-context---core-fit-text=\"core\/fit-text::{&quot;fontSize&quot;:&quot;&quot;}\" data-wp-init---core-fit-text=\"core\/fit-text::callbacks.init\" data-wp-interactive data-wp-style--font-size=\"core\/fit-text::context.fontSize\" class=\"has-fit-text\"><strong>Quand envisager une septoplastie ?<\/strong><\/p>\n\n\n\n<p>La septoplastie est une intervention exclusivement fonctionnelle. Elle n\u2019a pas pour objectif de modifier l\u2019apparence du nez, mais d\u2019am\u00e9liorer la respiration. On n\u2019op\u00e8re jamais une cloison simplement parce qu\u2019elle est d\u00e9vi\u00e9e. L\u2019indication repose sur les sympt\u00f4mes et sur leur retentissement.<\/p>\n\n\n\n<p>Une obstruction nasale peut se manifester par une difficult\u00e9 \u00e0 respirer d\u2019un c\u00f4t\u00e9 ou des deux c\u00f4t\u00e9s. La sensation de nez bouch\u00e9 peut \u00eatre permanente ou fluctuante. Avec le temps, elle peut s\u2019aggraver et entra\u00eener une respiration buccale chronique. Le retentissement sur la qualit\u00e9 du sommeil comprend : difficult\u00e9s d\u2019endormissement, r\u00e9veils fr\u00e9quents, sensation de fatigue au r\u00e9veil, voire dans certains cas une apn\u00e9e obstructive du sommeil. La pratique sportive peut \u00e9galement devenir plus difficile, car la capacit\u00e9 ventilatoire est limit\u00e9e. Chez certains patients, la d\u00e9viation favorise les infections ORL r\u00e9p\u00e9t\u00e9es, en particulier les sinusites. Le nez n\u2019est pas seulement un conduit : il filtre, r\u00e9chauffe et humidifie l\u2019air avant qu\u2019il n\u2019atteigne les poumons. Lorsqu\u2019il ne fonctionne plus correctement, c\u2019est l\u2019ensemble du confort respiratoire qui est alt\u00e9r\u00e9.<\/p>\n\n\n\n<p>Avant d\u2019envisager une intervention, un traitement m\u00e9dical est toujours propos\u00e9. Des lavages r\u00e9guliers au s\u00e9rum physiologique, associ\u00e9s \u00e0 un spray nasal \u00e0 base de cortico\u00efdes locaux, permettent souvent de diminuer l\u2019inflammation et d\u2019am\u00e9liorer les sympt\u00f4mes. Lorsque ce traitement est insuffisant ou inefficace, la chirurgie peut alors \u00eatre discut\u00e9e.<\/p>\n\n\n\n<h2 class=\"wp-block-heading\"><strong>En quoi consiste la septoplastie&nbsp;?<\/strong><\/h2>\n\n\n\n<p>La septoplastie vise \u00e0 corriger les d\u00e9formations internes de la cloison nasale. Elle est r\u00e9alis\u00e9e par voie endonasale, sous contr\u00f4le endoscopique, ce qui signifie qu\u2019aucune cicatrice n\u2019est visible \u00e0 l\u2019ext\u00e9rieur. L\u2019incision est effectu\u00e9e \u00e0 l\u2019int\u00e9rieur du nez. Le chirurgien retire ou remod\u00e8le les parties osseuses et cartilagineuses responsables de l\u2019obstruction, tout en pr\u00e9servant la structure essentielle qui soutient le nez, notamment la portion ant\u00e9rieure appel\u00e9e \u00ab L de Killian \u00bb. Cette pr\u00e9caution est fondamentale pour maintenir la solidit\u00e9 et la stabilit\u00e9 de la pyramide nasale. Il est important de souligner que la septoplastie ne modifie ni l\u2019ar\u00eate du nez ni sa pointe. Elle agit exclusivement sur l\u2019int\u00e9rieur. Ainsi, si le nez est visiblement d\u00e9vi\u00e9, la septoplastie seule ne permettra pas de le redresser. Elle am\u00e9liorera la respiration, mais l\u2019aspect ext\u00e9rieur restera inchang\u00e9.<\/p>\n\n\n\n<h2 class=\"wp-block-heading\"><strong>La rhinoseptoplastie : associer fonction et esth\u00e9tique<\/strong><\/h2>\n\n\n\n<p>Lorsque la d\u00e9viation interne s\u2019accompagne d\u2019une d\u00e9formation visible du nez, ou lorsqu\u2019une demande esth\u00e9tique est exprim\u00e9e, la rhinoseptoplastie peut \u00eatre envisag\u00e9e. Cette intervention combine deux objectifs en une seule chirurgie : corriger la cloison nasale pour restaurer une respiration harmonieuse, et remodeler la structure externe du nez pour en am\u00e9liorer l\u2019esth\u00e9tique. Contrairement \u00e0 la septoplastie isol\u00e9e, la rhinoseptoplastie permet de r\u00e9aligner l\u2019ar\u00eate nasale, de corriger une asym\u00e9trie, d\u2019affiner ou de repositionner la pointe, et d\u2019harmoniser le nez avec le reste du visage. Elle n\u00e9cessite une analyse fine de l\u2019anatomie et une approche personnalis\u00e9e afin d\u2019obtenir un r\u00e9sultat naturel.<\/p>\n\n\n\n<h2 class=\"wp-block-heading\"><strong>En r\u00e9sum\u00e9&nbsp;:<\/strong><\/h2>\n\n\n\n<p>Le choix entre septoplastie et rhinoseptoplastie ne peut se faire qu\u2019apr\u00e8s une \u00e9valuation compl\u00e8te par un professionnel sp\u00e9cialis\u00e9. Lors de la consultation, l\u2019examen clinique permet d\u2019analyser la fonction respiratoire, la position de la cloison et la structure externe du nez. Une discussion approfondie permet \u00e9galement de comprendre vos attentes. Certaines personnes souhaitent uniquement mieux respirer. D\u2019autres associent \u00e0 cette g\u00eane une insatisfaction esth\u00e9tique ancienne.<\/p>\n\n\n\n<p><strong>La septoplastie<\/strong> est une chirurgie exclusivement fonctionnelle. Elle corrige une d\u00e9viation interne de la cloison nasale responsable d\u2019une g\u00eane respiratoire. Elle ne modifie pas l\u2019apparence ext\u00e9rieure du nez.<\/p>\n\n\n\n<p><strong>La rhinoseptoplastie<\/strong> est une chirurgie \u00e0 la fois fonctionnelle et esth\u00e9tique. Elle corrige la cloison nasale et la forme externe du nez dans le m\u00eame temps. Lorsque d\u00e9viation interne et demande esth\u00e9tique sont associ\u00e9es, la rhinoseptoplastie constitue souvent la solution la plus compl\u00e8te.<\/p>\n\n\n\n<p>En consultation \u00e0 Lille, une analyse pr\u00e9cise de la fonction respiratoire et de l\u2019harmonie du nez permet de d\u00e9terminer la prise en charge la plus adapt\u00e9e.<\/p>\n\n\n\n<p>Dr Julie Isquierdo <a href=\"https:\/\/julie-isquierdo.com\/index.php\/rhinoplastie-a-lille\/\">https:\/\/julie-isquierdo.com\/index.php\/rhinoplastie-a-lille\/<\/a><\/p>\n\n\n\n<p>Sp\u00e9cialiste en Rhinoplastie \u00e0 Lille<\/p>\n\n\n\n<figure class=\"wp-block-image size-large\"><img fetchpriority=\"high\" decoding=\"async\" width=\"768\" height=\"1024\" src=\"https:\/\/julie-isquierdo.com\/wp-content\/uploads\/2026\/02\/rhinoplastie-septoplastie-endoscopique-768x1024.jpg\" alt=\"\" class=\"wp-image-431\" srcset=\"https:\/\/julie-isquierdo.com\/wp-content\/uploads\/2026\/02\/rhinoplastie-septoplastie-endoscopique-768x1024.jpg 768w, https:\/\/julie-isquierdo.com\/wp-content\/uploads\/2026\/02\/rhinoplastie-septoplastie-endoscopique-225x300.jpg 225w, https:\/\/julie-isquierdo.com\/wp-content\/uploads\/2026\/02\/rhinoplastie-septoplastie-endoscopique-1152x1536.jpg 1152w, https:\/\/julie-isquierdo.com\/wp-content\/uploads\/2026\/02\/rhinoplastie-septoplastie-endoscopique-1536x2048.jpg 1536w, https:\/\/julie-isquierdo.com\/wp-content\/uploads\/2026\/02\/rhinoplastie-septoplastie-endoscopique-scaled.jpg 1920w\" sizes=\"(max-width: 768px) 100vw, 768px\" \/><\/figure>\n\n\n\n<figure class=\"wp-block-image size-large\"><img decoding=\"async\" width=\"1024\" height=\"576\" src=\"https:\/\/julie-isquierdo.com\/wp-content\/uploads\/2026\/02\/rhinoplastie-septoplastie-avant-1024x576.jpg\" alt=\"\" class=\"wp-image-432\" srcset=\"https:\/\/julie-isquierdo.com\/wp-content\/uploads\/2026\/02\/rhinoplastie-septoplastie-avant-1024x576.jpg 1024w, https:\/\/julie-isquierdo.com\/wp-content\/uploads\/2026\/02\/rhinoplastie-septoplastie-avant-300x169.jpg 300w, https:\/\/julie-isquierdo.com\/wp-content\/uploads\/2026\/02\/rhinoplastie-septoplastie-avant-768x432.jpg 768w, https:\/\/julie-isquierdo.com\/wp-content\/uploads\/2026\/02\/rhinoplastie-septoplastie-avant-1536x864.jpg 1536w, https:\/\/julie-isquierdo.com\/wp-content\/uploads\/2026\/02\/rhinoplastie-septoplastie-avant-2048x1152.jpg 2048w\" sizes=\"(max-width: 1024px) 100vw, 1024px\" \/><\/figure>\n\n\n\n<figure class=\"wp-block-image size-large\"><img decoding=\"async\" width=\"1024\" height=\"576\" src=\"https:\/\/julie-isquierdo.com\/wp-content\/uploads\/2026\/02\/rhinoplastie-septoplastie-apres-1024x576.jpg\" alt=\"\" class=\"wp-image-433\" srcset=\"https:\/\/julie-isquierdo.com\/wp-content\/uploads\/2026\/02\/rhinoplastie-septoplastie-apres-1024x576.jpg 1024w, https:\/\/julie-isquierdo.com\/wp-content\/uploads\/2026\/02\/rhinoplastie-septoplastie-apres-300x169.jpg 300w, https:\/\/julie-isquierdo.com\/wp-content\/uploads\/2026\/02\/rhinoplastie-septoplastie-apres-768x432.jpg 768w, https:\/\/julie-isquierdo.com\/wp-content\/uploads\/2026\/02\/rhinoplastie-septoplastie-apres-1536x864.jpg 1536w, https:\/\/julie-isquierdo.com\/wp-content\/uploads\/2026\/02\/rhinoplastie-septoplastie-apres-2048x1152.jpg 2048w\" sizes=\"(max-width: 1024px) 100vw, 1024px\" \/><\/figure>\n","protected":false},"excerpt":{"rendered":"<p>Lorsqu\u2019un patient consulte pour une g\u00eane respiratoire nasale ou une d\u00e9formation visible du nez, une question revient fr\u00e9quemment : faut-il [&hellip;]<\/p>\n","protected":false},"author":1,"featured_media":431,"comment_status":"open","ping_status":"open","sticky":false,"template":"","format":"standard","meta":{"_monsterinsights_skip_tracking":false,"_monsterinsights_sitenote_active":false,"_monsterinsights_sitenote_note":"","_monsterinsights_sitenote_category":0,"site-sidebar-layout":"default","site-content-layout":"","ast-site-content-layout":"default","site-content-style":"default","site-sidebar-style":"default","ast-global-header-display":"","ast-banner-title-visibility":"","ast-main-header-display":"","ast-hfb-above-header-display":"","ast-hfb-below-header-display":"","ast-hfb-mobile-header-display":"","site-post-title":"","ast-breadcrumbs-content":"","ast-featured-img":"","footer-sml-layout":"","ast-disable-related-posts":"","theme-transparent-header-meta":"","adv-header-id-meta":"","stick-header-meta":"","header-above-stick-meta":"","header-main-stick-meta":"","header-below-stick-meta":"","astra-migrate-meta-layouts":"default","ast-page-background-enabled":"default","ast-page-background-meta":{"desktop":{"background-color":"var(--ast-global-color-5)","background-image":"","background-repeat":"repeat","background-position":"center center","background-size":"auto","background-attachment":"scroll","background-type":"","background-media":"","overlay-type":"","overlay-color":"","overlay-opacity":"","overlay-gradient":""},"tablet":{"background-color":"","background-image":"","background-repeat":"repeat","background-position":"center center","background-size":"auto","background-attachment":"scroll","background-type":"","background-media":"","overlay-type":"","overlay-color":"","overlay-opacity":"","overlay-gradient":""},"mobile":{"background-color":"","background-image":"","background-repeat":"repeat","background-position":"center center","background-size":"auto","background-attachment":"scroll","background-type":"","background-media":"","overlay-type":"","overlay-color":"","overlay-opacity":"","overlay-gradient":""}},"ast-content-background-meta":{"desktop":{"background-color":"var(--ast-global-color-4)","background-image":"","background-repeat":"repeat","background-position":"center center","background-size":"auto","background-attachment":"scroll","background-type":"","background-media":"","overlay-type":"","overlay-color":"","overlay-opacity":"","overlay-gradient":""},"tablet":{"background-color":"var(--ast-global-color-4)","background-image":"","background-repeat":"repeat","background-position":"center center","background-size":"auto","background-attachment":"scroll","background-type":"","background-media":"","overlay-type":"","overlay-color":"","overlay-opacity":"","overlay-gradient":""},"mobile":{"background-color":"var(--ast-global-color-4)","background-image":"","background-repeat":"repeat","background-position":"center center","background-size":"auto","background-attachment":"scroll","background-type":"","background-media":"","overlay-type":"","overlay-color":"","overlay-opacity":"","overlay-gradient":""}},"footnotes":"[]"},"categories":[12,13,11],"tags":[17,19,18,15,16,14],"class_list":["post-430","post","type-post","status-publish","format-standard","has-post-thumbnail","hentry","category-chirurgie-du-nez","category-orl","category-rhinoplastie","tag-chirurgie-du-nez","tag-deviation-cloison","tag-respiration-nasale","tag-rhinoplastie","tag-rhinoseptoplastie","tag-septoplastie"],"yoast_head":"<!-- This site is optimized with the Yoast SEO plugin v26.8 - https:\/\/yoast.com\/product\/yoast-seo-wordpress\/ -->\n<title>SEPTOPLASTIE OU RHINOSEPTOPLASTIE -<\/title>\n<meta name=\"robots\" content=\"index, follow, max-snippet:-1, max-image-preview:large, max-video-preview:-1\" \/>\n<link rel=\"canonical\" href=\"https:\/\/julie-isquierdo.com\/index.php\/2026\/02\/18\/septoplastie-ou-rhinoseptoplastie\/\" \/>\n<meta property=\"og:locale\" content=\"en_US\" \/>\n<meta property=\"og:type\" content=\"article\" \/>\n<meta property=\"og:title\" content=\"SEPTOPLASTIE OU RHINOSEPTOPLASTIE -\" \/>\n<meta property=\"og:description\" content=\"Lorsqu\u2019un patient consulte pour une g\u00eane respiratoire nasale ou une d\u00e9formation visible du nez, une question revient fr\u00e9quemment : faut-il [&hellip;]\" \/>\n<meta property=\"og:url\" content=\"https:\/\/julie-isquierdo.com\/index.php\/2026\/02\/18\/septoplastie-ou-rhinoseptoplastie\/\" \/>\n<meta property=\"article:published_time\" content=\"2026-02-18T17:36:15+00:00\" \/>\n<meta property=\"article:modified_time\" content=\"2026-03-06T08:53:11+00:00\" \/>\n<meta property=\"og:image\" content=\"https:\/\/julie-isquierdo.com\/wp-content\/uploads\/2026\/02\/rhinoplastie-septoplastie-endoscopique-scaled.jpg\" \/>\n\t<meta property=\"og:image:width\" content=\"1920\" \/>\n\t<meta property=\"og:image:height\" content=\"2560\" \/>\n\t<meta property=\"og:image:type\" content=\"image\/jpeg\" \/>\n<meta name=\"author\" content=\"admin1434\" \/>\n<meta name=\"twitter:card\" content=\"summary_large_image\" \/>\n<meta name=\"twitter:label1\" content=\"Written by\" \/>\n\t<meta name=\"twitter:data1\" content=\"admin1434\" \/>\n\t<meta name=\"twitter:label2\" content=\"Est. reading time\" \/>\n\t<meta name=\"twitter:data2\" content=\"5 minutes\" \/>\n<script type=\"application\/ld+json\" class=\"yoast-schema-graph\">{\"@context\":\"https:\/\/schema.org\",\"@graph\":[{\"@type\":\"Article\",\"@id\":\"https:\/\/julie-isquierdo.com\/index.php\/2026\/02\/18\/septoplastie-ou-rhinoseptoplastie\/#article\",\"isPartOf\":{\"@id\":\"https:\/\/julie-isquierdo.com\/index.php\/2026\/02\/18\/septoplastie-ou-rhinoseptoplastie\/\"},\"author\":{\"name\":\"admin1434\",\"@id\":\"https:\/\/julie-isquierdo.com\/#\/schema\/person\/a9484e88f61d97672734e5bb01e78281\"},\"headline\":\"SEPTOPLASTIE OU RHINOSEPTOPLASTIE\",\"datePublished\":\"2026-02-18T17:36:15+00:00\",\"dateModified\":\"2026-03-06T08:53:11+00:00\",\"mainEntityOfPage\":{\"@id\":\"https:\/\/julie-isquierdo.com\/index.php\/2026\/02\/18\/septoplastie-ou-rhinoseptoplastie\/\"},\"wordCount\":1116,\"commentCount\":0,\"image\":{\"@id\":\"https:\/\/julie-isquierdo.com\/index.php\/2026\/02\/18\/septoplastie-ou-rhinoseptoplastie\/#primaryimage\"},\"thumbnailUrl\":\"https:\/\/julie-isquierdo.com\/wp-content\/uploads\/2026\/02\/rhinoplastie-septoplastie-endoscopique-scaled.jpg\",\"keywords\":[\"chirurgie du nez\",\"d\u00e9viation cloison\",\"respiration nasale\",\"rhinoplastie\",\"rhinoseptoplastie\",\"septoplastie\"],\"articleSection\":[\"Chirurgie du nez\",\"ORL\",\"Rhinoplastie\"],\"inLanguage\":\"en-US\",\"potentialAction\":[{\"@type\":\"CommentAction\",\"name\":\"Comment\",\"target\":[\"https:\/\/julie-isquierdo.com\/index.php\/2026\/02\/18\/septoplastie-ou-rhinoseptoplastie\/#respond\"]}]},{\"@type\":\"WebPage\",\"@id\":\"https:\/\/julie-isquierdo.com\/index.php\/2026\/02\/18\/septoplastie-ou-rhinoseptoplastie\/\",\"url\":\"https:\/\/julie-isquierdo.com\/index.php\/2026\/02\/18\/septoplastie-ou-rhinoseptoplastie\/\",\"name\":\"SEPTOPLASTIE OU RHINOSEPTOPLASTIE -\",\"isPartOf\":{\"@id\":\"https:\/\/julie-isquierdo.com\/#website\"},\"primaryImageOfPage\":{\"@id\":\"https:\/\/julie-isquierdo.com\/index.php\/2026\/02\/18\/septoplastie-ou-rhinoseptoplastie\/#primaryimage\"},\"image\":{\"@id\":\"https:\/\/julie-isquierdo.com\/index.php\/2026\/02\/18\/septoplastie-ou-rhinoseptoplastie\/#primaryimage\"},\"thumbnailUrl\":\"https:\/\/julie-isquierdo.com\/wp-content\/uploads\/2026\/02\/rhinoplastie-septoplastie-endoscopique-scaled.jpg\",\"datePublished\":\"2026-02-18T17:36:15+00:00\",\"dateModified\":\"2026-03-06T08:53:11+00:00\",\"author\":{\"@id\":\"https:\/\/julie-isquierdo.com\/#\/schema\/person\/a9484e88f61d97672734e5bb01e78281\"},\"breadcrumb\":{\"@id\":\"https:\/\/julie-isquierdo.com\/index.php\/2026\/02\/18\/septoplastie-ou-rhinoseptoplastie\/#breadcrumb\"},\"inLanguage\":\"en-US\",\"potentialAction\":[{\"@type\":\"ReadAction\",\"target\":[\"https:\/\/julie-isquierdo.com\/index.php\/2026\/02\/18\/septoplastie-ou-rhinoseptoplastie\/\"]}]},{\"@type\":\"ImageObject\",\"inLanguage\":\"en-US\",\"@id\":\"https:\/\/julie-isquierdo.com\/index.php\/2026\/02\/18\/septoplastie-ou-rhinoseptoplastie\/#primaryimage\",\"url\":\"https:\/\/julie-isquierdo.com\/wp-content\/uploads\/2026\/02\/rhinoplastie-septoplastie-endoscopique-scaled.jpg\",\"contentUrl\":\"https:\/\/julie-isquierdo.com\/wp-content\/uploads\/2026\/02\/rhinoplastie-septoplastie-endoscopique-scaled.jpg\",\"width\":1920,\"height\":2560},{\"@type\":\"BreadcrumbList\",\"@id\":\"https:\/\/julie-isquierdo.com\/index.php\/2026\/02\/18\/septoplastie-ou-rhinoseptoplastie\/#breadcrumb\",\"itemListElement\":[{\"@type\":\"ListItem\",\"position\":1,\"name\":\"Home\",\"item\":\"https:\/\/julie-isquierdo.com\/\"},{\"@type\":\"ListItem\",\"position\":2,\"name\":\"SEPTOPLASTIE OU RHINOSEPTOPLASTIE\"}]},{\"@type\":\"WebSite\",\"@id\":\"https:\/\/julie-isquierdo.com\/#website\",\"url\":\"https:\/\/julie-isquierdo.com\/\",\"name\":\"\",\"description\":\"Sp\u00e9cialiste en rhinoplastie esth\u00e9tique et fonctionnelle\",\"potentialAction\":[{\"@type\":\"SearchAction\",\"target\":{\"@type\":\"EntryPoint\",\"urlTemplate\":\"https:\/\/julie-isquierdo.com\/?s={search_term_string}\"},\"query-input\":{\"@type\":\"PropertyValueSpecification\",\"valueRequired\":true,\"valueName\":\"search_term_string\"}}],\"inLanguage\":\"en-US\"},{\"@type\":\"Person\",\"@id\":\"https:\/\/julie-isquierdo.com\/#\/schema\/person\/a9484e88f61d97672734e5bb01e78281\",\"name\":\"admin1434\",\"image\":{\"@type\":\"ImageObject\",\"inLanguage\":\"en-US\",\"@id\":\"https:\/\/julie-isquierdo.com\/#\/schema\/person\/image\/\",\"url\":\"https:\/\/secure.gravatar.com\/avatar\/1eabd798fb1a11f93afbfa7d8b4560e5d5e18422bcf5504b3983a2e1e2ab44c7?s=96&d=mm&r=g\",\"contentUrl\":\"https:\/\/secure.gravatar.com\/avatar\/1eabd798fb1a11f93afbfa7d8b4560e5d5e18422bcf5504b3983a2e1e2ab44c7?s=96&d=mm&r=g\",\"caption\":\"admin1434\"},\"sameAs\":[\"http:\/\/julie-isquierdo.com\"],\"url\":\"https:\/\/julie-isquierdo.com\/index.php\/author\/admin1434\/\"}]}<\/script>\n<!-- \/ Yoast SEO plugin. -->","yoast_head_json":{"title":"SEPTOPLASTIE OU RHINOSEPTOPLASTIE -","robots":{"index":"index","follow":"follow","max-snippet":"max-snippet:-1","max-image-preview":"max-image-preview:large","max-video-preview":"max-video-preview:-1"},"canonical":"https:\/\/julie-isquierdo.com\/index.php\/2026\/02\/18\/septoplastie-ou-rhinoseptoplastie\/","og_locale":"en_US","og_type":"article","og_title":"SEPTOPLASTIE OU RHINOSEPTOPLASTIE -","og_description":"Lorsqu\u2019un patient consulte pour une g\u00eane respiratoire nasale ou une d\u00e9formation visible du nez, une question revient fr\u00e9quemment : faut-il [&hellip;]","og_url":"https:\/\/julie-isquierdo.com\/index.php\/2026\/02\/18\/septoplastie-ou-rhinoseptoplastie\/","article_published_time":"2026-02-18T17:36:15+00:00","article_modified_time":"2026-03-06T08:53:11+00:00","og_image":[{"width":1920,"height":2560,"url":"https:\/\/julie-isquierdo.com\/wp-content\/uploads\/2026\/02\/rhinoplastie-septoplastie-endoscopique-scaled.jpg","type":"image\/jpeg"}],"author":"admin1434","twitter_card":"summary_large_image","twitter_misc":{"Written by":"admin1434","Est. reading time":"5 minutes"},"schema":{"@context":"https:\/\/schema.org","@graph":[{"@type":"Article","@id":"https:\/\/julie-isquierdo.com\/index.php\/2026\/02\/18\/septoplastie-ou-rhinoseptoplastie\/#article","isPartOf":{"@id":"https:\/\/julie-isquierdo.com\/index.php\/2026\/02\/18\/septoplastie-ou-rhinoseptoplastie\/"},"author":{"name":"admin1434","@id":"https:\/\/julie-isquierdo.com\/#\/schema\/person\/a9484e88f61d97672734e5bb01e78281"},"headline":"SEPTOPLASTIE OU RHINOSEPTOPLASTIE","datePublished":"2026-02-18T17:36:15+00:00","dateModified":"2026-03-06T08:53:11+00:00","mainEntityOfPage":{"@id":"https:\/\/julie-isquierdo.com\/index.php\/2026\/02\/18\/septoplastie-ou-rhinoseptoplastie\/"},"wordCount":1116,"commentCount":0,"image":{"@id":"https:\/\/julie-isquierdo.com\/index.php\/2026\/02\/18\/septoplastie-ou-rhinoseptoplastie\/#primaryimage"},"thumbnailUrl":"https:\/\/julie-isquierdo.com\/wp-content\/uploads\/2026\/02\/rhinoplastie-septoplastie-endoscopique-scaled.jpg","keywords":["chirurgie du nez","d\u00e9viation cloison","respiration nasale","rhinoplastie","rhinoseptoplastie","septoplastie"],"articleSection":["Chirurgie du nez","ORL","Rhinoplastie"],"inLanguage":"en-US","potentialAction":[{"@type":"CommentAction","name":"Comment","target":["https:\/\/julie-isquierdo.com\/index.php\/2026\/02\/18\/septoplastie-ou-rhinoseptoplastie\/#respond"]}]},{"@type":"WebPage","@id":"https:\/\/julie-isquierdo.com\/index.php\/2026\/02\/18\/septoplastie-ou-rhinoseptoplastie\/","url":"https:\/\/julie-isquierdo.com\/index.php\/2026\/02\/18\/septoplastie-ou-rhinoseptoplastie\/","name":"SEPTOPLASTIE OU RHINOSEPTOPLASTIE -","isPartOf":{"@id":"https:\/\/julie-isquierdo.com\/#website"},"primaryImageOfPage":{"@id":"https:\/\/julie-isquierdo.com\/index.php\/2026\/02\/18\/septoplastie-ou-rhinoseptoplastie\/#primaryimage"},"image":{"@id":"https:\/\/julie-isquierdo.com\/index.php\/2026\/02\/18\/septoplastie-ou-rhinoseptoplastie\/#primaryimage"},"thumbnailUrl":"https:\/\/julie-isquierdo.com\/wp-content\/uploads\/2026\/02\/rhinoplastie-septoplastie-endoscopique-scaled.jpg","datePublished":"2026-02-18T17:36:15+00:00","dateModified":"2026-03-06T08:53:11+00:00","author":{"@id":"https:\/\/julie-isquierdo.com\/#\/schema\/person\/a9484e88f61d97672734e5bb01e78281"},"breadcrumb":{"@id":"https:\/\/julie-isquierdo.com\/index.php\/2026\/02\/18\/septoplastie-ou-rhinoseptoplastie\/#breadcrumb"},"inLanguage":"en-US","potentialAction":[{"@type":"ReadAction","target":["https:\/\/julie-isquierdo.com\/index.php\/2026\/02\/18\/septoplastie-ou-rhinoseptoplastie\/"]}]},{"@type":"ImageObject","inLanguage":"en-US","@id":"https:\/\/julie-isquierdo.com\/index.php\/2026\/02\/18\/septoplastie-ou-rhinoseptoplastie\/#primaryimage","url":"https:\/\/julie-isquierdo.com\/wp-content\/uploads\/2026\/02\/rhinoplastie-septoplastie-endoscopique-scaled.jpg","contentUrl":"https:\/\/julie-isquierdo.com\/wp-content\/uploads\/2026\/02\/rhinoplastie-septoplastie-endoscopique-scaled.jpg","width":1920,"height":2560},{"@type":"BreadcrumbList","@id":"https:\/\/julie-isquierdo.com\/index.php\/2026\/02\/18\/septoplastie-ou-rhinoseptoplastie\/#breadcrumb","itemListElement":[{"@type":"ListItem","position":1,"name":"Home","item":"https:\/\/julie-isquierdo.com\/"},{"@type":"ListItem","position":2,"name":"SEPTOPLASTIE OU RHINOSEPTOPLASTIE"}]},{"@type":"WebSite","@id":"https:\/\/julie-isquierdo.com\/#website","url":"https:\/\/julie-isquierdo.com\/","name":"","description":"Sp\u00e9cialiste en rhinoplastie esth\u00e9tique et fonctionnelle","potentialAction":[{"@type":"SearchAction","target":{"@type":"EntryPoint","urlTemplate":"https:\/\/julie-isquierdo.com\/?s={search_term_string}"},"query-input":{"@type":"PropertyValueSpecification","valueRequired":true,"valueName":"search_term_string"}}],"inLanguage":"en-US"},{"@type":"Person","@id":"https:\/\/julie-isquierdo.com\/#\/schema\/person\/a9484e88f61d97672734e5bb01e78281","name":"admin1434","image":{"@type":"ImageObject","inLanguage":"en-US","@id":"https:\/\/julie-isquierdo.com\/#\/schema\/person\/image\/","url":"https:\/\/secure.gravatar.com\/avatar\/1eabd798fb1a11f93afbfa7d8b4560e5d5e18422bcf5504b3983a2e1e2ab44c7?s=96&d=mm&r=g","contentUrl":"https:\/\/secure.gravatar.com\/avatar\/1eabd798fb1a11f93afbfa7d8b4560e5d5e18422bcf5504b3983a2e1e2ab44c7?s=96&d=mm&r=g","caption":"admin1434"},"sameAs":["http:\/\/julie-isquierdo.com"],"url":"https:\/\/julie-isquierdo.com\/index.php\/author\/admin1434\/"}]}},"_links":{"self":[{"href":"https:\/\/julie-isquierdo.com\/index.php\/wp-json\/wp\/v2\/posts\/430","targetHints":{"allow":["GET"]}}],"collection":[{"href":"https:\/\/julie-isquierdo.com\/index.php\/wp-json\/wp\/v2\/posts"}],"about":[{"href":"https:\/\/julie-isquierdo.com\/index.php\/wp-json\/wp\/v2\/types\/post"}],"author":[{"embeddable":true,"href":"https:\/\/julie-isquierdo.com\/index.php\/wp-json\/wp\/v2\/users\/1"}],"replies":[{"embeddable":true,"href":"https:\/\/julie-isquierdo.com\/index.php\/wp-json\/wp\/v2\/comments?post=430"}],"version-history":[{"count":2,"href":"https:\/\/julie-isquierdo.com\/index.php\/wp-json\/wp\/v2\/posts\/430\/revisions"}],"predecessor-version":[{"id":459,"href":"https:\/\/julie-isquierdo.com\/index.php\/wp-json\/wp\/v2\/posts\/430\/revisions\/459"}],"wp:featuredmedia":[{"embeddable":true,"href":"https:\/\/julie-isquierdo.com\/index.php\/wp-json\/wp\/v2\/media\/431"}],"wp:attachment":[{"href":"https:\/\/julie-isquierdo.com\/index.php\/wp-json\/wp\/v2\/media?parent=430"}],"wp:term":[{"taxonomy":"category","embeddable":true,"href":"https:\/\/julie-isquierdo.com\/index.php\/wp-json\/wp\/v2\/categories?post=430"},{"taxonomy":"post_tag","embeddable":true,"href":"https:\/\/julie-isquierdo.com\/index.php\/wp-json\/wp\/v2\/tags?post=430"}],"curies":[{"name":"wp","href":"https:\/\/api.w.org\/{rel}","templated":true}]}}