{"id":465,"date":"2026-03-31T19:40:07","date_gmt":"2026-03-31T19:40:07","guid":{"rendered":"https:\/\/julie-isquierdo.com\/?p=465"},"modified":"2026-03-31T19:40:08","modified_gmt":"2026-03-31T19:40:08","slug":"pourquoi-rhinoplastie","status":"publish","type":"post","link":"https:\/\/julie-isquierdo.com\/index.php\/2026\/03\/31\/pourquoi-rhinoplastie\/","title":{"rendered":"Pourquoi faire une rhinoplastie ?"},"content":{"rendered":"\n<p>Modifier la forme de son nez, retrouver une harmonie du visage, se sentir mieux dans son image\u2026 La rhinoplastie r\u00e9pond \u00e0 des attentes \u00e0 la fois esth\u00e9tiques et parfois fonctionnelles.<\/p>\n\n\n\n<p>Le nez occupe une place centrale au sein du visage et joue un r\u00f4le majeur dans l\u2019\u00e9quilibre des traits. Lorsqu\u2019il para\u00eet trop pro\u00e9minent, asym\u00e9trique ou simplement en d\u00e9calage avec le reste du visage, il peut attirer le regard et devenir une source de g\u00eane, voire de complexe. Cette perception peut alt\u00e9rer l\u2019estime de soi et la confiance au quotidien.<\/p>\n\n\n\n<p>La rhinoplastie est une intervention chirurgicale qui permet de modifier la forme du nez en remodelant sa structure ost\u00e9o-cartilagineuse, qu\u2019il s\u2019agisse du dorsum ou de la pointe. L\u2019objectif n\u2019est pas de transformer, mais d\u2019harmoniser pour obtenir un nez naturel, discret, en accord avec les lignes du visage, afin de mettre en valeur l\u2019expression, le regard et le sourire.<\/p>\n\n\n\n<p>Au-del\u00e0 de l\u2019aspect esth\u00e9tique, le nez joue \u00e9galement un r\u00f4le essentiel dans la respiration. V\u00e9ritable filtre, il conditionne, r\u00e9chauffe et humidifie l\u2019air inspir\u00e9. C\u2019est pourquoi une rhinoplastie peut aussi s\u2019inscrire dans une prise en charge fonctionnelle, notamment en cas de g\u00eane respiratoire ou de d\u00e9viation de la cloison nasale.<\/p>\n\n\n\n<p>Gr\u00e2ce \u00e0 une expertise en chirurgie du nez et des sinus, il est possible d\u2019associer am\u00e9lioration esth\u00e9tique et correction fonctionnelle, pour un r\u00e9sultat \u00e0 la fois harmonieux et b\u00e9n\u00e9fique sur le plan respiratoire.<\/p>\n\n\n\n<figure class=\"wp-block-embed is-type-wp-embed is-provider-embed wp-block-embed-embed\"><div class=\"wp-block-embed__wrapper\">\n<blockquote class=\"wp-embedded-content\" data-secret=\"xrOQ9J6IXC\"><a href=\"https:\/\/julie-isquierdo.com\/index.php\/rhinoplastie-a-lille\/\">Rhinoplastie \u00e0 Lille<\/a><\/blockquote><iframe class=\"wp-embedded-content\" sandbox=\"allow-scripts\" security=\"restricted\" style=\"position: absolute; visibility: hidden;\" title=\"&#8220;Rhinoplastie \u00e0 Lille&#8221; &#8212; \" src=\"https:\/\/julie-isquierdo.com\/index.php\/rhinoplastie-a-lille\/embed\/#?secret=849mDb0P5C#?secret=xrOQ9J6IXC\" data-secret=\"xrOQ9J6IXC\" width=\"500\" height=\"282\" frameborder=\"0\" marginwidth=\"0\" marginheight=\"0\" scrolling=\"no\"><\/iframe>\n<\/div><\/figure>\n\n\n\n<h2 class=\"wp-block-heading\">Analyse esth\u00e9tique du nez et du visage<\/h2>\n\n\n\n<p>L\u2019analyse esth\u00e9tique du nez ne peut jamais \u00eatre r\u00e9alis\u00e9e de mani\u00e8re isol\u00e9e. Elle s\u2019inscrit dans une approche globale du visage, dont il constitue un \u00e9l\u00e9ment central. L\u2019objectif est d\u2019\u00e9valuer les proportions, les lignes et les volumes afin d\u2019obtenir un r\u00e9sultat harmonieux et naturel.<\/p>\n\n\n\n<p>Au cabinet, cette analyse repose sur une \u00e9tude photographique standardis\u00e9e. Diff\u00e9rentes incidences sont r\u00e9alis\u00e9es : vue de face, vues de trois-quarts, profils droit et gauche, vue basale (par en dessous) et vue sup\u00e9rieure dite \u00ab h\u00e9licopt\u00e8re \u00bb. Ces diff\u00e9rents angles permettent d\u2019appr\u00e9hender l\u2019ensemble des reliefs du nez et leurs interactions avec le reste du visage.<\/p>\n\n\n\n<p>La qualit\u00e9 et l\u2019orientation de la lumi\u00e8re jouent \u00e9galement un r\u00f4le essentiel. Une lumi\u00e8re mal positionn\u00e9e peut accentuer certains d\u00e9fauts ou, au contraire, les att\u00e9nuer. Une analyse rigoureuse n\u00e9cessite donc des conditions photographiques reproductibles et ma\u00eetris\u00e9es.<\/p>\n\n\n\n<p>Je vous propose quelques termes techniques, accompagn\u00e9s de sch\u00e9mas, afin de vous aider \u00e0 mieux comprendre et exprimer vos attentes.<\/p>\n\n\n\n<h3 class=\"wp-block-heading\"><strong>Analyse esth\u00e9tique du visage<\/strong><\/h3>\n\n\n\n<p>L\u2019analyse esth\u00e9tique du visage prend en compte la sym\u00e9trie, les proportions verticales et horizontales, ainsi que la relation du nez avec les autres \u00e9l\u00e9ments que sont les yeux, la bouche, le menton.<\/p>\n\n\n\n<figure class=\"wp-block-image size-large\"><img fetchpriority=\"high\" decoding=\"async\" width=\"1024\" height=\"683\" src=\"https:\/\/julie-isquierdo.com\/wp-content\/uploads\/2026\/03\/rhinoplastie-lille-proportions-1024x683.png\" alt=\"\" class=\"wp-image-466\" srcset=\"https:\/\/julie-isquierdo.com\/wp-content\/uploads\/2026\/03\/rhinoplastie-lille-proportions-1024x683.png 1024w, https:\/\/julie-isquierdo.com\/wp-content\/uploads\/2026\/03\/rhinoplastie-lille-proportions-300x200.png 300w, https:\/\/julie-isquierdo.com\/wp-content\/uploads\/2026\/03\/rhinoplastie-lille-proportions-768x512.png 768w, https:\/\/julie-isquierdo.com\/wp-content\/uploads\/2026\/03\/rhinoplastie-lille-proportions.png 1536w\" sizes=\"(max-width: 1024px) 100vw, 1024px\" \/><\/figure>\n\n\n\n<p>Sur la vue de face, l\u2019\u00e9tude repose notamment sur les lignes de Sheen. Il s\u2019agit de deux lignes courbes harmonieuses qui s\u2019\u00e9tendent de la t\u00eate des sourcils jusqu\u2019au philtrum de la l\u00e8vre sup\u00e9rieure. Le dorsum nasal et la pointe doivent id\u00e9alement s\u2019inscrire dans la continuit\u00e9 de ces lignes. Une jolie pointe adopte une forme de diamant.<\/p>\n\n\n\n<figure class=\"wp-block-image size-large\"><img decoding=\"async\" width=\"1024\" height=\"683\" src=\"https:\/\/julie-isquierdo.com\/wp-content\/uploads\/2026\/03\/rhinoplastie-lignes-sheen-1024x683.png\" alt=\"\" class=\"wp-image-467\" srcset=\"https:\/\/julie-isquierdo.com\/wp-content\/uploads\/2026\/03\/rhinoplastie-lignes-sheen-1024x683.png 1024w, https:\/\/julie-isquierdo.com\/wp-content\/uploads\/2026\/03\/rhinoplastie-lignes-sheen-300x200.png 300w, https:\/\/julie-isquierdo.com\/wp-content\/uploads\/2026\/03\/rhinoplastie-lignes-sheen-768x512.png 768w, https:\/\/julie-isquierdo.com\/wp-content\/uploads\/2026\/03\/rhinoplastie-lignes-sheen.png 1536w\" sizes=\"(max-width: 1024px) 100vw, 1024px\" \/><\/figure>\n\n\n\n<p>Sur la vue de profil, on \u00e9tudie :<\/p>\n\n\n\n<ul class=\"wp-block-list\">\n<li>La ligne de profil du visage<\/li>\n\n\n\n<li>La ligne de profil du nez qui peut r\u00e9v\u00e9ler une bosse, une convexit\u00e9 ou une concavit\u00e9<\/li>\n\n\n\n<li>L\u2019angle naso-frontal (entre le front et le nez) et l\u2019angle naso-labial (entre le nez et la l\u00e8vre sup\u00e9rieure)<\/li>\n\n\n\n<li>La projection du dorsum et de la pointe<\/li>\n<\/ul>\n\n\n\n<h3 class=\"wp-block-heading\"><strong>Analyse esth\u00e9tique du nez<\/strong><\/h3>\n\n\n\n<p>Le nez se compose de plusieurs sous-unit\u00e9s anatomiques et esth\u00e9tiques&nbsp;:<\/p>\n\n\n\n<ul class=\"wp-block-list\">\n<li><strong>Le dorsum (ou dos du nez)<\/strong><br>Il s\u2019\u00e9tend de la racine nasale jusqu\u2019\u00e0 la pointe. Son profil peut \u00eatre rectiligne, convexe ou concave. Sur la vue de face, il peut appara\u00eetre trop large ou, au contraire, insuffisamment marqu\u00e9. Il constitue un \u00e9l\u00e9ment central dans l\u2019analyse du profil et influence fortement la perception globale du nez.<\/li>\n\n\n\n<li><strong>Les faces lat\u00e9rales<\/strong><br>Elles correspondent aux versants du nez visibles de face et de trois-quarts. Leur largeur, leur sym\u00e9trie et leur continuit\u00e9 avec les structures adjacentes participent \u00e0 l\u2019harmonie du tiers moyen du visage.<\/li>\n\n\n\n<li><strong>La pointe nasale (ou lobule)<\/strong><br>Zone cl\u00e9 de l\u2019esth\u00e9tique nasale, la pointe d\u00e9termine en grande partie l\u2019expression du visage. Sa projection, sa rotation, sa d\u00e9finition et sa sym\u00e9trie sont des param\u00e8tres essentiels \u00e0 analyser avec pr\u00e9cision.<\/li>\n\n\n\n<li><strong>Les ailes narinaires et les narines<\/strong><br>Elles d\u00e9finissent la base du nez. Leur largeur, leur forme et leur orientation influencent l\u2019\u00e9quilibre entre le nez et les autres \u00e9l\u00e9ments du visage, notamment les l\u00e8vres et le menton.<\/li>\n\n\n\n<li><strong>La columelle<\/strong><br>Situ\u00e9e entre les deux narines, elle joue un r\u00f4le fondamental dans la d\u00e9finition de la base nasale et dans l\u2019angle naso-labial. Sa position et sa visibilit\u00e9 doivent \u00eatre \u00e9valu\u00e9es avec attention.<\/li>\n<\/ul>\n\n\n\n<figure class=\"wp-block-image size-full\"><img decoding=\"async\" width=\"700\" height=\"424\" src=\"https:\/\/julie-isquierdo.com\/wp-content\/uploads\/2026\/03\/rhinoplastie-analyse-nez.jpg\" alt=\"\" class=\"wp-image-468\" srcset=\"https:\/\/julie-isquierdo.com\/wp-content\/uploads\/2026\/03\/rhinoplastie-analyse-nez.jpg 700w, https:\/\/julie-isquierdo.com\/wp-content\/uploads\/2026\/03\/rhinoplastie-analyse-nez-300x182.jpg 300w\" sizes=\"(max-width: 700px) 100vw, 700px\" \/><\/figure>\n\n\n\n<p>L\u2019\u00e9tude de ces diff\u00e9rentes sous-unit\u00e9s permet d\u2019identifier pr\u00e9cis\u00e9ment les \u00e9ventuelles anomalies et d\u2019orienter la strat\u00e9gie th\u00e9rapeutique. L\u2019objectif est de corriger de mani\u00e8re cibl\u00e9e chaque zone tout en pr\u00e9servant l\u2019harmonie globale du nez et du visage<\/p>\n\n\n\n<h2 class=\"wp-block-heading\">Pourquoi faire une rhinoplastie esth\u00e9tique ?<\/h2>\n\n\n\n<h3 class=\"wp-block-heading\"><strong>Quelles anomalies la rhinoplastie peut-elle corriger\u00a0?<\/strong><\/h3>\n\n\n\n<p>La rhinoplastie permet de corriger un large \u00e9ventail d\u2019imperfections esth\u00e9tiques du nez, qu\u2019elles soient d\u2019origine naturelle ou li\u00e9es \u00e0 un traumatisme.<\/p>\n\n\n\n<p>Parmi les corrections les plus fr\u00e9quentes :<\/p>\n\n\n\n<ul class=\"wp-block-list\">\n<li><strong>Une bosse sur le dos du nez<\/strong><br>La pr\u00e9sence d\u2019une bosse, osseuse ou cartilagineuse, peut donner un profil jug\u00e9 trop marqu\u00e9. La rhinoplastie permet de lisser le dorsum nasal afin d\u2019obtenir une ligne de profil plus douce et \u00e9quilibr\u00e9e.<\/li>\n\n\n\n<li><strong>Un nez trop large ou trop volumineux<\/strong><br>Un nez per\u00e7u comme trop imposant peut d\u00e9s\u00e9quilibrer les proportions du visage. L\u2019intervention vise \u00e0 affiner la structure osseuse et cartilagineuse pour mieux l\u2019int\u00e9grer aux traits du patient.<\/li>\n\n\n\n<li><strong>Un nez trop long<\/strong><br>Un exc\u00e8s de longueur peut alourdir le visage et modifier l\u2019expression. La rhinoplastie permet de raccourcir le nez en agissant sur la pointe et\/ou le septum.<\/li>\n\n\n\n<li><strong>Une pointe tombante<\/strong><br>Une pointe orient\u00e9e vers le bas peut accentuer l\u2019aspect s\u00e9v\u00e8re du visage, notamment au sourire. La correction consiste \u00e0 redonner du soutien et \u00e0 remonter la pointe pour un aspect plus dynamique.<\/li>\n\n\n\n<li><strong>Une pointe bulbeuse<\/strong><br>Une pointe ronde, \u00e9paisse ou mal d\u00e9finie peut manquer de finesse. Un travail pr\u00e9cis sur les cartilages permet d\u2019affiner et de redessiner la pointe tout en conservant un aspect naturel.<\/li>\n\n\n\n<li><strong>Un nez d\u00e9vi\u00e9 ou asym\u00e9trique<\/strong><br>Qu\u2019il s\u2019agisse d\u2019une d\u00e9viation post-traumatique ou constitutionnelle, la rhinoplastie permet de recentrer le nez et d\u2019am\u00e9liorer la sym\u00e9trie du visage. Cette correction peut s\u2019accompagner d\u2019un geste fonctionnel sur la cloison nasale.<\/li>\n\n\n\n<li><strong>Des narines trop larges<\/strong><br>Des ailes narinaires trop \u00e9vas\u00e9es peuvent \u00eatre r\u00e9duites par des gestes cibl\u00e9s, afin d\u2019affiner la base du nez et d\u2019harmoniser sa largeur avec le reste du visage.<\/li>\n<\/ul>\n\n\n\n<h3 class=\"wp-block-heading\"><strong>Quels sont les objectifs d\u2019une rhinoplastie ?<\/strong><\/h3>\n\n\n\n<p>La rhinoplastie a pour objectif d\u2019am\u00e9liorer la forme du nez tout en respectant l\u2019\u00e9quilibre global du visage. Il ne s\u2019agit pas de transformer, mais d\u2019harmoniser les contours afin d\u2019obtenir un r\u00e9sultat naturel, en accord avec les traits et la personnalit\u00e9 du patient.<\/p>\n\n\n\n<p>Les principaux objectifs de la rhinoplastie sont les suivants :<\/p>\n\n\n\n<ul class=\"wp-block-list\">\n<li><strong>Harmoniser les contours du nez<\/strong><br>L\u2019intervention permet de red\u00e9finir les lignes du nez pour qu\u2019elles s\u2019int\u00e8grent parfaitement \u00e0 l\u2019ensemble du visage, en respectant ses proportions et son caract\u00e8re.<\/li>\n\n\n\n<li><strong>Affiner le nez<\/strong><br>Un nez trop large peut \u00eatre affin\u00e9, que ce soit au niveau des os propres du nez ou de sa base, afin d\u2019apporter plus de finesse et de l\u00e9g\u00e8ret\u00e9 au visage.<\/li>\n\n\n\n<li><strong>Affiner la pointe<\/strong><br>Lorsque la pointe est trop large, arrondie ou peu d\u00e9finie, un travail pr\u00e9cis sur les cartilages permet de la redessiner et de lui donner plus de d\u00e9finition.<\/li>\n\n\n\n<li><strong>Relever la pointe<\/strong><br>Une pointe tombante peut \u00eatre repositionn\u00e9e pour ouvrir l\u2019angle naso-labial et apporter un aspect plus dynamique et plus jeune au visage.<\/li>\n\n\n\n<li><strong>Supprimer une bosse<\/strong><br>La correction d\u2019une bosse sur le dos du nez permet d\u2019obtenir un profil plus rectiligne ou l\u00e9g\u00e8rement concave, selon le r\u00e9sultat souhait\u00e9.<\/li>\n\n\n\n<li><strong>Recentrer et sym\u00e9triser le nez<\/strong><br>En cas de d\u00e9viation ou d\u2019asym\u00e9trie, la rhinoplastie permet de r\u00e9axer le nez et d\u2019am\u00e9liorer la sym\u00e9trie globale, aussi bien de face que de profil.<\/li>\n<\/ul>\n\n\n\n<h3 class=\"wp-block-heading\"><strong>Quelles sont les limites d\u2019une rhinoplastie ?<\/strong><\/h3>\n\n\n\n<p>La rhinoplastie ne consiste pas \u00e0 remplacer un nez par un autre, mais \u00e0 modifier de mani\u00e8re subtile et pr\u00e9cise la structure ost\u00e9o-cartilagineuse situ\u00e9e sous la peau. L\u2019objectif est d\u2019am\u00e9liorer l\u2019harmonie du nez tout en respectant l\u2019anatomie et l\u2019identit\u00e9 du visage.<\/p>\n\n\n\n<p>Cependant, comme toute intervention chirurgicale, la rhinoplastie pr\u00e9sente certaines limites qu\u2019il est important de comprendre avant d\u2019envisager un projet.<\/p>\n\n\n\n<p>Tout d\u2019abord, le chirurgien doit composer avec des <strong>contraintes anatomiques propres \u00e0 chaque patient<\/strong> : qualit\u00e9 des cartilages, solidit\u00e9 des structures osseuses, \u00e9paisseur de la peau\u2026 Ces \u00e9l\u00e9ments peuvent influencer le r\u00e9sultat final et parfois limiter l\u2019atteinte exacte de l\u2019objectif souhait\u00e9.<\/p>\n\n\n\n<p>Par ailleurs, la phase de cicatrisation comporte une part d\u2019impr\u00e9visibilit\u00e9. Certains ph\u00e9nom\u00e8nes peuvent survenir au cours de l\u2019\u00e9volution, comme une l\u00e9g\u00e8re irr\u00e9gularit\u00e9 du dorsum, une pointe un peu plus arrondie que pr\u00e9vu ou une discr\u00e8te modification de sa position dans le temps.<\/p>\n\n\n\n<p>Plusieurs limites doivent ainsi \u00eatre prises en compte :<\/p>\n\n\n\n<ul class=\"wp-block-list\">\n<li><strong>L\u2019\u00e9paisseur et la qualit\u00e9 de la peau ne sont pas modifi\u00e9es<\/strong><br>Une peau \u00e9paisse peut limiter la finesse du r\u00e9sultat, notamment au niveau de la pointe.<\/li>\n\n\n\n<li><strong>Le caract\u00e8re du nez est g\u00e9n\u00e9ralement conserv\u00e9<\/strong><br>La rhinoplastie vise \u00e0 harmoniser, non \u00e0 transformer radicalement. L\u2019identit\u00e9 du visage est respect\u00e9e.<\/li>\n\n\n\n<li><strong>Un risque de r\u00e9cidive partielle existe<\/strong><br>Dans certains cas (bosse importante, d\u00e9viation marqu\u00e9e), une l\u00e9g\u00e8re r\u00e9cidive peut appara\u00eetre avec le temps, li\u00e9e \u00e0 la \u00ab m\u00e9moire de forme \u00bb des cartilages et des os.<\/li>\n\n\n\n<li><strong>Une \u00e9volution de la pointe est possible<\/strong><br>Une l\u00e9g\u00e8re descente de la pointe de quelques millim\u00e8tres peut survenir au cours de la cicatrisation, raison pour laquelle une sur-correction mod\u00e9r\u00e9e est souvent anticip\u00e9e pendant l\u2019intervention.<\/li>\n<\/ul>\n\n\n\n<h2 class=\"wp-block-heading\">Rhinoplastie \u2013 Les simulations pr\u00e9 op\u00e9ratoires<\/h2>\n\n\n\n<p>Lors de la consultation, je vous propose de r\u00e9aliser une simulation pr\u00e9op\u00e9ratoire. Cet outil permet de visualiser les modifications envisag\u00e9es et de vous aider \u00e0 vous projeter dans votre futur r\u00e9sultat, afin de prendre une d\u00e9cision \u00e9clair\u00e9e.<\/p>\n\n\n\n<p>Vous pourrez ainsi exprimer pr\u00e9cis\u00e9ment ce que vous souhaitez modifier, mais aussi ce que vous ne souhaitez pas changer. Nous \u00e9changerons ensemble afin d\u2019\u00e9valuer la faisabilit\u00e9 de votre projet et son r\u00e9alisme au regard de votre anatomie.<\/p>\n\n\n\n<p>Il est important de souligner que ces simulations constituent un <strong>outil de communication et de r\u00e9flexion<\/strong>, mais qu\u2019elles ne sont pas contractuelles. En effet, la r\u00e9alit\u00e9 op\u00e9ratoire, les contraintes anatomiques propres \u00e0 chaque patient et les ph\u00e9nom\u00e8nes de cicatrisation peuvent entra\u00eener des diff\u00e9rences entre la simulation et le r\u00e9sultat final.<\/p>\n\n\n\n<figure class=\"wp-block-image size-large is-resized\"><img loading=\"lazy\" decoding=\"async\" width=\"576\" height=\"1024\" src=\"https:\/\/julie-isquierdo.com\/wp-content\/uploads\/2026\/03\/rhinoplastie-simulations-576x1024.jpg\" alt=\"\" class=\"wp-image-469\" style=\"aspect-ratio:0.5625070201055824;width:750px;height:auto\" srcset=\"https:\/\/julie-isquierdo.com\/wp-content\/uploads\/2026\/03\/rhinoplastie-simulations-576x1024.jpg 576w, https:\/\/julie-isquierdo.com\/wp-content\/uploads\/2026\/03\/rhinoplastie-simulations-169x300.jpg 169w, https:\/\/julie-isquierdo.com\/wp-content\/uploads\/2026\/03\/rhinoplastie-simulations-768x1365.jpg 768w, https:\/\/julie-isquierdo.com\/wp-content\/uploads\/2026\/03\/rhinoplastie-simulations-864x1536.jpg 864w, https:\/\/julie-isquierdo.com\/wp-content\/uploads\/2026\/03\/rhinoplastie-simulations.jpg 1080w\" sizes=\"(max-width: 576px) 100vw, 576px\" \/><\/figure>\n\n\n\n<h2 class=\"wp-block-heading\">Rhinoplastie esth\u00e9tique \u00e0 Lille \u2013 Dr Julie ISQUIERDO<\/h2>\n\n\n\n<p>Envisager une rhinoplastie, c\u2019est avant tout entreprendre une d\u00e9marche personnelle, r\u00e9fl\u00e9chie et profond\u00e9ment intime : celle de se r\u00e9concilier avec son image et de retrouver une harmonie qui vous correspond pleinement. Lorsqu\u2019elle est bien indiqu\u00e9e et r\u00e9alis\u00e9e avec pr\u00e9cision, cette intervention ne change pas un visage \u2014 elle le r\u00e9v\u00e8le.<\/p>\n\n\n\n<p>Mon approche repose sur une analyse rigoureuse, une \u00e9coute attentive de vos attentes et le respect absolu de votre identit\u00e9. Chaque nez est unique, chaque projet l\u2019est tout autant. L\u2019objectif n\u2019est jamais de standardiser, mais de sublimer, en recherchant un \u00e9quilibre naturel, discret et durable.<\/p>\n\n\n\n<p>Au-del\u00e0 du geste technique, je vous accompagne \u00e0 chaque \u00e9tape, de la r\u00e9flexion initiale jusqu\u2019au suivi post-op\u00e9ratoire, avec exigence, transparence et bienveillance. Cette collaboration est essentielle pour construire ensemble un r\u00e9sultat \u00e0 la hauteur de vos attentes.<\/p>\n\n\n\n<figure class=\"wp-block-image size-large\"><img loading=\"lazy\" decoding=\"async\" width=\"667\" height=\"1024\" src=\"http:\/\/julie-isquierdo.com\/wp-content\/uploads\/2026\/03\/VAL05654-667x1024.jpg\" alt=\"Rhinoplastie esth\u00e9tique pour harmoniser le visage\" class=\"wp-image-470\" srcset=\"https:\/\/julie-isquierdo.com\/wp-content\/uploads\/2026\/03\/VAL05654-667x1024.jpg 667w, https:\/\/julie-isquierdo.com\/wp-content\/uploads\/2026\/03\/VAL05654-195x300.jpg 195w, https:\/\/julie-isquierdo.com\/wp-content\/uploads\/2026\/03\/VAL05654-768x1179.jpg 768w, https:\/\/julie-isquierdo.com\/wp-content\/uploads\/2026\/03\/VAL05654-1001x1536.jpg 1001w, https:\/\/julie-isquierdo.com\/wp-content\/uploads\/2026\/03\/VAL05654-scaled.jpg 1668w\" sizes=\"(max-width: 667px) 100vw, 667px\" \/><\/figure>\n","protected":false},"excerpt":{"rendered":"<p>Modifier la forme de son nez, retrouver une harmonie du visage, se sentir mieux dans son image\u2026 La rhinoplastie r\u00e9pond [&hellip;]<\/p>\n","protected":false},"author":1,"featured_media":470,"comment_status":"open","ping_status":"open","sticky":false,"template":"","format":"standard","meta":{"_monsterinsights_skip_tracking":false,"_monsterinsights_sitenote_active":false,"_monsterinsights_sitenote_note":"","_monsterinsights_sitenote_category":0,"site-sidebar-layout":"default","site-content-layout":"","ast-site-content-layout":"default","site-content-style":"default","site-sidebar-style":"default","ast-global-header-display":"","ast-banner-title-visibility":"","ast-main-header-display":"","ast-hfb-above-header-display":"","ast-hfb-below-header-display":"","ast-hfb-mobile-header-display":"","site-post-title":"","ast-breadcrumbs-content":"","ast-featured-img":"","footer-sml-layout":"","ast-disable-related-posts":"","theme-transparent-header-meta":"","adv-header-id-meta":"","stick-header-meta":"","header-above-stick-meta":"","header-main-stick-meta":"","header-below-stick-meta":"","astra-migrate-meta-layouts":"default","ast-page-background-enabled":"default","ast-page-background-meta":{"desktop":{"background-color":"var(--ast-global-color-5)","background-image":"","background-repeat":"repeat","background-position":"center center","background-size":"auto","background-attachment":"scroll","background-type":"","background-media":"","overlay-type":"","overlay-color":"","overlay-opacity":"","overlay-gradient":""},"tablet":{"background-color":"","background-image":"","background-repeat":"repeat","background-position":"center center","background-size":"auto","background-attachment":"scroll","background-type":"","background-media":"","overlay-type":"","overlay-color":"","overlay-opacity":"","overlay-gradient":""},"mobile":{"background-color":"","background-image":"","background-repeat":"repeat","background-position":"center center","background-size":"auto","background-attachment":"scroll","background-type":"","background-media":"","overlay-type":"","overlay-color":"","overlay-opacity":"","overlay-gradient":""}},"ast-content-background-meta":{"desktop":{"background-color":"var(--ast-global-color-4)","background-image":"","background-repeat":"repeat","background-position":"center center","background-size":"auto","background-attachment":"scroll","background-type":"","background-media":"","overlay-type":"","overlay-color":"","overlay-opacity":"","overlay-gradient":""},"tablet":{"background-color":"var(--ast-global-color-4)","background-image":"","background-repeat":"repeat","background-position":"center center","background-size":"auto","background-attachment":"scroll","background-type":"","background-media":"","overlay-type":"","overlay-color":"","overlay-opacity":"","overlay-gradient":""},"mobile":{"background-color":"var(--ast-global-color-4)","background-image":"","background-repeat":"repeat","background-position":"center center","background-size":"auto","background-attachment":"scroll","background-type":"","background-media":"","overlay-type":"","overlay-color":"","overlay-opacity":"","overlay-gradient":""}},"footnotes":""},"categories":[12,11],"tags":[17,28,15,27,25,16],"class_list":["post-465","post","type-post","status-publish","format-standard","has-post-thumbnail","hentry","category-chirurgie-du-nez","category-rhinoplastie","tag-chirurgie-du-nez","tag-chirurgie-esthetique","tag-rhinoplastie","tag-rhinoplastie-esthetique","tag-rhinoplastie-lille","tag-rhinoseptoplastie"],"yoast_head":"<!-- This site is optimized with the Yoast SEO plugin v26.8 - https:\/\/yoast.com\/product\/yoast-seo-wordpress\/ -->\n<title>Pourquoi faire une rhinoplastie ? | Dr Isquierdo<\/title>\n<meta name=\"description\" content=\"Pourquoi faire une rhinoplastie ? D\u00e9couvrez ses indications, ses b\u00e9n\u00e9fices esth\u00e9tiques et fonctionnels, et l\u2019approche du Dr Isquierdo.\" \/>\n<meta name=\"robots\" content=\"index, follow, max-snippet:-1, max-image-preview:large, max-video-preview:-1\" \/>\n<link rel=\"canonical\" href=\"https:\/\/julie-isquierdo.com\/index.php\/2026\/03\/31\/pourquoi-rhinoplastie\/\" \/>\n<meta property=\"og:locale\" content=\"en_US\" \/>\n<meta property=\"og:type\" content=\"article\" \/>\n<meta property=\"og:title\" content=\"Pourquoi faire une rhinoplastie ? | Dr Isquierdo\" \/>\n<meta property=\"og:description\" content=\"Pourquoi faire une rhinoplastie ? D\u00e9couvrez ses indications, ses b\u00e9n\u00e9fices esth\u00e9tiques et fonctionnels, et l\u2019approche du Dr Isquierdo.\" \/>\n<meta property=\"og:url\" content=\"https:\/\/julie-isquierdo.com\/index.php\/2026\/03\/31\/pourquoi-rhinoplastie\/\" \/>\n<meta property=\"article:published_time\" content=\"2026-03-31T19:40:07+00:00\" \/>\n<meta property=\"article:modified_time\" content=\"2026-03-31T19:40:08+00:00\" \/>\n<meta property=\"og:image\" content=\"https:\/\/julie-isquierdo.com\/wp-content\/uploads\/2026\/03\/VAL05654-scaled.jpg\" \/>\n\t<meta property=\"og:image:width\" content=\"1668\" \/>\n\t<meta property=\"og:image:height\" content=\"2560\" \/>\n\t<meta property=\"og:image:type\" content=\"image\/jpeg\" \/>\n<meta name=\"author\" content=\"admin1434\" \/>\n<meta name=\"twitter:card\" content=\"summary_large_image\" \/>\n<meta name=\"twitter:label1\" content=\"Written by\" \/>\n\t<meta name=\"twitter:data1\" content=\"admin1434\" \/>\n\t<meta name=\"twitter:label2\" content=\"Est. reading time\" \/>\n\t<meta name=\"twitter:data2\" content=\"10 minutes\" \/>\n<script type=\"application\/ld+json\" class=\"yoast-schema-graph\">{\"@context\":\"https:\/\/schema.org\",\"@graph\":[{\"@type\":\"Article\",\"@id\":\"https:\/\/julie-isquierdo.com\/index.php\/2026\/03\/31\/pourquoi-rhinoplastie\/#article\",\"isPartOf\":{\"@id\":\"https:\/\/julie-isquierdo.com\/index.php\/2026\/03\/31\/pourquoi-rhinoplastie\/\"},\"author\":{\"name\":\"admin1434\",\"@id\":\"https:\/\/julie-isquierdo.com\/#\/schema\/person\/a9484e88f61d97672734e5bb01e78281\"},\"headline\":\"Pourquoi faire une rhinoplastie ?\",\"datePublished\":\"2026-03-31T19:40:07+00:00\",\"dateModified\":\"2026-03-31T19:40:08+00:00\",\"mainEntityOfPage\":{\"@id\":\"https:\/\/julie-isquierdo.com\/index.php\/2026\/03\/31\/pourquoi-rhinoplastie\/\"},\"wordCount\":2112,\"commentCount\":0,\"image\":{\"@id\":\"https:\/\/julie-isquierdo.com\/index.php\/2026\/03\/31\/pourquoi-rhinoplastie\/#primaryimage\"},\"thumbnailUrl\":\"https:\/\/julie-isquierdo.com\/wp-content\/uploads\/2026\/03\/VAL05654-scaled.jpg\",\"keywords\":[\"chirurgie du nez\",\"chirurgie esth\u00e9tique\",\"rhinoplastie\",\"rhinoplastie esth\u00e9tique\",\"rhinoplastie Lille\",\"rhinoseptoplastie\"],\"articleSection\":[\"Chirurgie du nez\",\"Rhinoplastie\"],\"inLanguage\":\"en-US\",\"potentialAction\":[{\"@type\":\"CommentAction\",\"name\":\"Comment\",\"target\":[\"https:\/\/julie-isquierdo.com\/index.php\/2026\/03\/31\/pourquoi-rhinoplastie\/#respond\"]}]},{\"@type\":\"WebPage\",\"@id\":\"https:\/\/julie-isquierdo.com\/index.php\/2026\/03\/31\/pourquoi-rhinoplastie\/\",\"url\":\"https:\/\/julie-isquierdo.com\/index.php\/2026\/03\/31\/pourquoi-rhinoplastie\/\",\"name\":\"Pourquoi faire une rhinoplastie ? | Dr Isquierdo\",\"isPartOf\":{\"@id\":\"https:\/\/julie-isquierdo.com\/#website\"},\"primaryImageOfPage\":{\"@id\":\"https:\/\/julie-isquierdo.com\/index.php\/2026\/03\/31\/pourquoi-rhinoplastie\/#primaryimage\"},\"image\":{\"@id\":\"https:\/\/julie-isquierdo.com\/index.php\/2026\/03\/31\/pourquoi-rhinoplastie\/#primaryimage\"},\"thumbnailUrl\":\"https:\/\/julie-isquierdo.com\/wp-content\/uploads\/2026\/03\/VAL05654-scaled.jpg\",\"datePublished\":\"2026-03-31T19:40:07+00:00\",\"dateModified\":\"2026-03-31T19:40:08+00:00\",\"author\":{\"@id\":\"https:\/\/julie-isquierdo.com\/#\/schema\/person\/a9484e88f61d97672734e5bb01e78281\"},\"description\":\"Pourquoi faire une rhinoplastie ? D\u00e9couvrez ses indications, ses b\u00e9n\u00e9fices esth\u00e9tiques et fonctionnels, et l\u2019approche du Dr Isquierdo.\",\"breadcrumb\":{\"@id\":\"https:\/\/julie-isquierdo.com\/index.php\/2026\/03\/31\/pourquoi-rhinoplastie\/#breadcrumb\"},\"inLanguage\":\"en-US\",\"potentialAction\":[{\"@type\":\"ReadAction\",\"target\":[\"https:\/\/julie-isquierdo.com\/index.php\/2026\/03\/31\/pourquoi-rhinoplastie\/\"]}]},{\"@type\":\"ImageObject\",\"inLanguage\":\"en-US\",\"@id\":\"https:\/\/julie-isquierdo.com\/index.php\/2026\/03\/31\/pourquoi-rhinoplastie\/#primaryimage\",\"url\":\"https:\/\/julie-isquierdo.com\/wp-content\/uploads\/2026\/03\/VAL05654-scaled.jpg\",\"contentUrl\":\"https:\/\/julie-isquierdo.com\/wp-content\/uploads\/2026\/03\/VAL05654-scaled.jpg\",\"width\":1668,\"height\":2560},{\"@type\":\"BreadcrumbList\",\"@id\":\"https:\/\/julie-isquierdo.com\/index.php\/2026\/03\/31\/pourquoi-rhinoplastie\/#breadcrumb\",\"itemListElement\":[{\"@type\":\"ListItem\",\"position\":1,\"name\":\"Home\",\"item\":\"https:\/\/julie-isquierdo.com\/\"},{\"@type\":\"ListItem\",\"position\":2,\"name\":\"Pourquoi faire une rhinoplastie ?\"}]},{\"@type\":\"WebSite\",\"@id\":\"https:\/\/julie-isquierdo.com\/#website\",\"url\":\"https:\/\/julie-isquierdo.com\/\",\"name\":\"\",\"description\":\"Sp\u00e9cialiste en rhinoplastie esth\u00e9tique et fonctionnelle\",\"potentialAction\":[{\"@type\":\"SearchAction\",\"target\":{\"@type\":\"EntryPoint\",\"urlTemplate\":\"https:\/\/julie-isquierdo.com\/?s={search_term_string}\"},\"query-input\":{\"@type\":\"PropertyValueSpecification\",\"valueRequired\":true,\"valueName\":\"search_term_string\"}}],\"inLanguage\":\"en-US\"},{\"@type\":\"Person\",\"@id\":\"https:\/\/julie-isquierdo.com\/#\/schema\/person\/a9484e88f61d97672734e5bb01e78281\",\"name\":\"admin1434\",\"image\":{\"@type\":\"ImageObject\",\"inLanguage\":\"en-US\",\"@id\":\"https:\/\/julie-isquierdo.com\/#\/schema\/person\/image\/\",\"url\":\"https:\/\/secure.gravatar.com\/avatar\/1eabd798fb1a11f93afbfa7d8b4560e5d5e18422bcf5504b3983a2e1e2ab44c7?s=96&d=mm&r=g\",\"contentUrl\":\"https:\/\/secure.gravatar.com\/avatar\/1eabd798fb1a11f93afbfa7d8b4560e5d5e18422bcf5504b3983a2e1e2ab44c7?s=96&d=mm&r=g\",\"caption\":\"admin1434\"},\"sameAs\":[\"http:\/\/julie-isquierdo.com\"],\"url\":\"https:\/\/julie-isquierdo.com\/index.php\/author\/admin1434\/\"}]}<\/script>\n<!-- \/ Yoast SEO plugin. -->","yoast_head_json":{"title":"Pourquoi faire une rhinoplastie ? | Dr Isquierdo","description":"Pourquoi faire une rhinoplastie ? D\u00e9couvrez ses indications, ses b\u00e9n\u00e9fices esth\u00e9tiques et fonctionnels, et l\u2019approche du Dr Isquierdo.","robots":{"index":"index","follow":"follow","max-snippet":"max-snippet:-1","max-image-preview":"max-image-preview:large","max-video-preview":"max-video-preview:-1"},"canonical":"https:\/\/julie-isquierdo.com\/index.php\/2026\/03\/31\/pourquoi-rhinoplastie\/","og_locale":"en_US","og_type":"article","og_title":"Pourquoi faire une rhinoplastie ? | Dr Isquierdo","og_description":"Pourquoi faire une rhinoplastie ? D\u00e9couvrez ses indications, ses b\u00e9n\u00e9fices esth\u00e9tiques et fonctionnels, et l\u2019approche du Dr Isquierdo.","og_url":"https:\/\/julie-isquierdo.com\/index.php\/2026\/03\/31\/pourquoi-rhinoplastie\/","article_published_time":"2026-03-31T19:40:07+00:00","article_modified_time":"2026-03-31T19:40:08+00:00","og_image":[{"width":1668,"height":2560,"url":"https:\/\/julie-isquierdo.com\/wp-content\/uploads\/2026\/03\/VAL05654-scaled.jpg","type":"image\/jpeg"}],"author":"admin1434","twitter_card":"summary_large_image","twitter_misc":{"Written by":"admin1434","Est. reading time":"10 minutes"},"schema":{"@context":"https:\/\/schema.org","@graph":[{"@type":"Article","@id":"https:\/\/julie-isquierdo.com\/index.php\/2026\/03\/31\/pourquoi-rhinoplastie\/#article","isPartOf":{"@id":"https:\/\/julie-isquierdo.com\/index.php\/2026\/03\/31\/pourquoi-rhinoplastie\/"},"author":{"name":"admin1434","@id":"https:\/\/julie-isquierdo.com\/#\/schema\/person\/a9484e88f61d97672734e5bb01e78281"},"headline":"Pourquoi faire une rhinoplastie ?","datePublished":"2026-03-31T19:40:07+00:00","dateModified":"2026-03-31T19:40:08+00:00","mainEntityOfPage":{"@id":"https:\/\/julie-isquierdo.com\/index.php\/2026\/03\/31\/pourquoi-rhinoplastie\/"},"wordCount":2112,"commentCount":0,"image":{"@id":"https:\/\/julie-isquierdo.com\/index.php\/2026\/03\/31\/pourquoi-rhinoplastie\/#primaryimage"},"thumbnailUrl":"https:\/\/julie-isquierdo.com\/wp-content\/uploads\/2026\/03\/VAL05654-scaled.jpg","keywords":["chirurgie du nez","chirurgie esth\u00e9tique","rhinoplastie","rhinoplastie esth\u00e9tique","rhinoplastie Lille","rhinoseptoplastie"],"articleSection":["Chirurgie du nez","Rhinoplastie"],"inLanguage":"en-US","potentialAction":[{"@type":"CommentAction","name":"Comment","target":["https:\/\/julie-isquierdo.com\/index.php\/2026\/03\/31\/pourquoi-rhinoplastie\/#respond"]}]},{"@type":"WebPage","@id":"https:\/\/julie-isquierdo.com\/index.php\/2026\/03\/31\/pourquoi-rhinoplastie\/","url":"https:\/\/julie-isquierdo.com\/index.php\/2026\/03\/31\/pourquoi-rhinoplastie\/","name":"Pourquoi faire une rhinoplastie ? | Dr Isquierdo","isPartOf":{"@id":"https:\/\/julie-isquierdo.com\/#website"},"primaryImageOfPage":{"@id":"https:\/\/julie-isquierdo.com\/index.php\/2026\/03\/31\/pourquoi-rhinoplastie\/#primaryimage"},"image":{"@id":"https:\/\/julie-isquierdo.com\/index.php\/2026\/03\/31\/pourquoi-rhinoplastie\/#primaryimage"},"thumbnailUrl":"https:\/\/julie-isquierdo.com\/wp-content\/uploads\/2026\/03\/VAL05654-scaled.jpg","datePublished":"2026-03-31T19:40:07+00:00","dateModified":"2026-03-31T19:40:08+00:00","author":{"@id":"https:\/\/julie-isquierdo.com\/#\/schema\/person\/a9484e88f61d97672734e5bb01e78281"},"description":"Pourquoi faire une rhinoplastie ? D\u00e9couvrez ses indications, ses b\u00e9n\u00e9fices esth\u00e9tiques et fonctionnels, et l\u2019approche du Dr Isquierdo.","breadcrumb":{"@id":"https:\/\/julie-isquierdo.com\/index.php\/2026\/03\/31\/pourquoi-rhinoplastie\/#breadcrumb"},"inLanguage":"en-US","potentialAction":[{"@type":"ReadAction","target":["https:\/\/julie-isquierdo.com\/index.php\/2026\/03\/31\/pourquoi-rhinoplastie\/"]}]},{"@type":"ImageObject","inLanguage":"en-US","@id":"https:\/\/julie-isquierdo.com\/index.php\/2026\/03\/31\/pourquoi-rhinoplastie\/#primaryimage","url":"https:\/\/julie-isquierdo.com\/wp-content\/uploads\/2026\/03\/VAL05654-scaled.jpg","contentUrl":"https:\/\/julie-isquierdo.com\/wp-content\/uploads\/2026\/03\/VAL05654-scaled.jpg","width":1668,"height":2560},{"@type":"BreadcrumbList","@id":"https:\/\/julie-isquierdo.com\/index.php\/2026\/03\/31\/pourquoi-rhinoplastie\/#breadcrumb","itemListElement":[{"@type":"ListItem","position":1,"name":"Home","item":"https:\/\/julie-isquierdo.com\/"},{"@type":"ListItem","position":2,"name":"Pourquoi faire une rhinoplastie ?"}]},{"@type":"WebSite","@id":"https:\/\/julie-isquierdo.com\/#website","url":"https:\/\/julie-isquierdo.com\/","name":"","description":"Sp\u00e9cialiste en rhinoplastie esth\u00e9tique et fonctionnelle","potentialAction":[{"@type":"SearchAction","target":{"@type":"EntryPoint","urlTemplate":"https:\/\/julie-isquierdo.com\/?s={search_term_string}"},"query-input":{"@type":"PropertyValueSpecification","valueRequired":true,"valueName":"search_term_string"}}],"inLanguage":"en-US"},{"@type":"Person","@id":"https:\/\/julie-isquierdo.com\/#\/schema\/person\/a9484e88f61d97672734e5bb01e78281","name":"admin1434","image":{"@type":"ImageObject","inLanguage":"en-US","@id":"https:\/\/julie-isquierdo.com\/#\/schema\/person\/image\/","url":"https:\/\/secure.gravatar.com\/avatar\/1eabd798fb1a11f93afbfa7d8b4560e5d5e18422bcf5504b3983a2e1e2ab44c7?s=96&d=mm&r=g","contentUrl":"https:\/\/secure.gravatar.com\/avatar\/1eabd798fb1a11f93afbfa7d8b4560e5d5e18422bcf5504b3983a2e1e2ab44c7?s=96&d=mm&r=g","caption":"admin1434"},"sameAs":["http:\/\/julie-isquierdo.com"],"url":"https:\/\/julie-isquierdo.com\/index.php\/author\/admin1434\/"}]}},"_links":{"self":[{"href":"https:\/\/julie-isquierdo.com\/index.php\/wp-json\/wp\/v2\/posts\/465","targetHints":{"allow":["GET"]}}],"collection":[{"href":"https:\/\/julie-isquierdo.com\/index.php\/wp-json\/wp\/v2\/posts"}],"about":[{"href":"https:\/\/julie-isquierdo.com\/index.php\/wp-json\/wp\/v2\/types\/post"}],"author":[{"embeddable":true,"href":"https:\/\/julie-isquierdo.com\/index.php\/wp-json\/wp\/v2\/users\/1"}],"replies":[{"embeddable":true,"href":"https:\/\/julie-isquierdo.com\/index.php\/wp-json\/wp\/v2\/comments?post=465"}],"version-history":[{"count":1,"href":"https:\/\/julie-isquierdo.com\/index.php\/wp-json\/wp\/v2\/posts\/465\/revisions"}],"predecessor-version":[{"id":471,"href":"https:\/\/julie-isquierdo.com\/index.php\/wp-json\/wp\/v2\/posts\/465\/revisions\/471"}],"wp:featuredmedia":[{"embeddable":true,"href":"https:\/\/julie-isquierdo.com\/index.php\/wp-json\/wp\/v2\/media\/470"}],"wp:attachment":[{"href":"https:\/\/julie-isquierdo.com\/index.php\/wp-json\/wp\/v2\/media?parent=465"}],"wp:term":[{"taxonomy":"category","embeddable":true,"href":"https:\/\/julie-isquierdo.com\/index.php\/wp-json\/wp\/v2\/categories?post=465"},{"taxonomy":"post_tag","embeddable":true,"href":"https:\/\/julie-isquierdo.com\/index.php\/wp-json\/wp\/v2\/tags?post=465"}],"curies":[{"name":"wp","href":"https:\/\/api.w.org\/{rel}","templated":true}]}}